[{"command":"settings","settings":{"pluralDelimiter":"\u0003","suppressDeprecationErrors":true,"ajaxPageState":{"libraries":"eJw1yUEKwCAMBMAPiT5JNhpbixqJEUpf30PpaQ5DIrZMMSNBtUooot0lUQ5Z90TzuaLJ4XHhducmYg0fsWPUwstgVcZ_D2ibxITGI0NfI9cluQ","theme":"hubber_reference8","theme_token":null},"ajaxTrustedUrl":{"form_action_p_pvdeGsVG5zNF_XLGPTvYSKCf43t8qZYSwcfZl2uzM":true},"locale":"fr","user":{"uid":0,"permissionsHash":"3f370b686865722bbf25796f0dd54b712e397ce8d14809336701bb138289520b"}},"merge":true},{"command":"add_css","data":[{"rel":"stylesheet","media":"all","href":"\/sites\/hubber_site_colline8\/files\/css\/css_CDUGSpKM9aplrf_FkPra4d0kcByWUbd3o5cRG-28haA.css?delta=0\u0026language=fr\u0026theme=hubber_reference8\u0026include=eJxVyMENgCAQBMCGiJRE9gAVgy5Zj8RYvW_nOUb67cJIBqkxrtQZMlVj0RzoCw48vygNnVvYp1lVfGHTmTJ6vQr0AfPBHyk"},{"rel":"stylesheet","media":"all","href":"\/sites\/hubber_site_colline8\/files\/css\/css_yx2jzVfNRi3cPHbNjf5m6pmPYQGyNuTdCVL02vsQ4Mw.css?delta=1\u0026language=fr\u0026theme=hubber_reference8\u0026include=eJxVyMENgCAQBMCGiJRE9gAVgy5Zj8RYvW_nOUb67cJIBqkxrtQZMlVj0RzoCw48vygNnVvYp1lVfGHTmTJ6vQr0AfPBHyk"}]},{"command":"add_js","selector":"body","data":[{"src":"\/sites\/hubber_site_colline8\/files\/js\/js_HbxDScrJMfE6d6sH114reHCupMMU4BKaNQZl3Bo45T0.js?scope=footer\u0026delta=0\u0026language=fr\u0026theme=hubber_reference8\u0026include=eJxLzi9K1U8pKi1IzNFLyUzMyU_XS8xKrNDJKE1KSi3Sh1DxuYl5mWmpxSWJJZn5eTC5qsSk0pL8-OTEnNS8lMQiAC_RHO4"}]},{"command":"openDialog","selector":"#drupal-modal","settings":null,"data":"\u003Ch2\u003EVeuillez s\u00e9lectionner la s\u00e9ance d\u00e9sir\u00e9e pour \u003Cem class=\u0022placeholder\u0022\u003EAux Singuliers\u003C\/em\u003E\u003C\/h2\u003E\n\n\u003Cform class=\u0022js-hubber-select-meeting-form manifestation-calendar\u0022 data-drupal-selector=\u0022hubber-select-meeting-form\u0022 action=\u0022\/fr\/select_meeting\/169\u0022 method=\u0022post\u0022 id=\u0022hubber-select-meeting-form\u0022 accept-charset=\u0022UTF-8\u0022\u003E\n  \n\n\n\n\n\n  \u003Cdiv class=\u0022js-form-item js-form-type-calendar form-type-calendar js-form-item-meeting-calendar form-item-meeting-calendar form-no-label\u0022\u003E\n                          \u003Cinput class=\u0022js-calendar-events form-control\u0022 data-drupal-selector=\u0022edit-meeting-calendar-calendar-events\u0022 type=\u0022hidden\u0022 name=\u0022meeting_calendar[calendar_events]\u0022 value=\u0022{\u0026quot;events\u0026quot;:[{\u0026quot;date\u0026quot;:\u0026quot;2026-05-26\u0026quot;,\u0026quot;title\u0026quot;:\u0026quot;Aux Singuliers 2\u0026quot;,\u0026quot;id\u0026quot;:\u0026quot;2054\u0026quot;,\u0026quot;time\u0026quot;:\u0026quot;Mardi 26 Mai 2026 - 20:00\u0026quot;,\u0026quot;time_short\u0026quot;:\u0026quot;20:00\u0026quot;,\u0026quot;url\u0026quot;:\u0026quot;\\\/fr\\\/product\\\/2093\\\/la_colline_theatre_national\\\/aux_singuliers_2\u0026quot;,\u0026quot;is_sale\u0026quot;:true,\u0026quot;classname\u0026quot;:\u0026quot;sale\u0026quot;,\u0026quot;infos\u0026quot;:\u0026quot;\u0026quot;,\u0026quot;detail_meeting\u0026quot;:\u0026quot;\u0026lt;span\u0026gt;\u0026lt;a href=\\\u0026quot;\\\/fr\\\/product\\\/2093\\\/la_colline_theatre_national\\\/aux_singuliers_2\\\u0026quot;\u0026gt;20:00\u0026lt;\\\/a\u0026gt; \u0026lt;\\\/span\u0026gt;\u0026quot;},{\u0026quot;date\u0026quot;:\u0026quot;2026-05-27\u0026quot;,\u0026quot;title\u0026quot;:\u0026quot;Aux Singuliers 2\u0026quot;,\u0026quot;id\u0026quot;:\u0026quot;2057\u0026quot;,\u0026quot;time\u0026quot;:\u0026quot;Mercredi 27 Mai 2026 - 20:00\u0026quot;,\u0026quot;time_short\u0026quot;:\u0026quot;20:00\u0026quot;,\u0026quot;url\u0026quot;:\u0026quot;\\\/fr\\\/product\\\/2096\\\/la_colline_theatre_national\\\/aux_singuliers_2\u0026quot;,\u0026quot;is_sale\u0026quot;:true,\u0026quot;classname\u0026quot;:\u0026quot;sale\u0026quot;,\u0026quot;infos\u0026quot;:\u0026quot;\u0026quot;,\u0026quot;detail_meeting\u0026quot;:\u0026quot;\u0026lt;span\u0026gt;\u0026lt;a href=\\\u0026quot;\\\/fr\\\/product\\\/2096\\\/la_colline_theatre_national\\\/aux_singuliers_2\\\u0026quot;\u0026gt;20:00\u0026lt;\\\/a\u0026gt; \u0026lt;\\\/span\u0026gt;\u0026quot;},{\u0026quot;date\u0026quot;:\u0026quot;2026-05-28\u0026quot;,\u0026quot;title\u0026quot;:\u0026quot;Aux Singuliers 2\u0026quot;,\u0026quot;id\u0026quot;:\u0026quot;2060\u0026quot;,\u0026quot;time\u0026quot;:\u0026quot;Jeudi 28 Mai 2026 - 20:00\u0026quot;,\u0026quot;time_short\u0026quot;:\u0026quot;20:00\u0026quot;,\u0026quot;url\u0026quot;:\u0026quot;\\\/fr\\\/product\\\/2099\\\/la_colline_theatre_national\\\/aux_singuliers_2\u0026quot;,\u0026quot;is_sale\u0026quot;:true,\u0026quot;classname\u0026quot;:\u0026quot;sale\u0026quot;,\u0026quot;infos\u0026quot;:\u0026quot;\u0026quot;,\u0026quot;detail_meeting\u0026quot;:\u0026quot;\u0026lt;span\u0026gt;\u0026lt;a href=\\\u0026quot;\\\/fr\\\/product\\\/2099\\\/la_colline_theatre_national\\\/aux_singuliers_2\\\u0026quot;\u0026gt;20:00\u0026lt;\\\/a\u0026gt; \u0026lt;\\\/span\u0026gt;\u0026quot;},{\u0026quot;date\u0026quot;:\u0026quot;2026-05-29\u0026quot;,\u0026quot;title\u0026quot;:\u0026quot;Aux Singuliers 2\u0026quot;,\u0026quot;id\u0026quot;:\u0026quot;2063\u0026quot;,\u0026quot;time\u0026quot;:\u0026quot;Vendredi 29 Mai 2026 - 20:00\u0026quot;,\u0026quot;time_short\u0026quot;:\u0026quot;20:00\u0026quot;,\u0026quot;url\u0026quot;:\u0026quot;\\\/fr\\\/product\\\/2102\\\/la_colline_theatre_national\\\/aux_singuliers_2\u0026quot;,\u0026quot;is_sale\u0026quot;:true,\u0026quot;classname\u0026quot;:\u0026quot;sale\u0026quot;,\u0026quot;infos\u0026quot;:\u0026quot;\u0026quot;,\u0026quot;detail_meeting\u0026quot;:\u0026quot;\u0026lt;span\u0026gt;\u0026lt;a href=\\\u0026quot;\\\/fr\\\/product\\\/2102\\\/la_colline_theatre_national\\\/aux_singuliers_2\\\u0026quot;\u0026gt;20:00\u0026lt;\\\/a\u0026gt; \u0026lt;\\\/span\u0026gt;\u0026quot;},{\u0026quot;date\u0026quot;:\u0026quot;2026-05-30\u0026quot;,\u0026quot;title\u0026quot;:\u0026quot;Aux Singuliers 2\u0026quot;,\u0026quot;id\u0026quot;:\u0026quot;2066\u0026quot;,\u0026quot;time\u0026quot;:\u0026quot;Samedi 30 Mai 2026 - 20:00\u0026quot;,\u0026quot;time_short\u0026quot;:\u0026quot;20:00\u0026quot;,\u0026quot;url\u0026quot;:\u0026quot;\\\/fr\\\/product\\\/2105\\\/la_colline_theatre_national\\\/aux_singuliers_2\u0026quot;,\u0026quot;is_sale\u0026quot;:true,\u0026quot;classname\u0026quot;:\u0026quot;sale\u0026quot;,\u0026quot;infos\u0026quot;:\u0026quot;\u0026quot;,\u0026quot;detail_meeting\u0026quot;:\u0026quot;\u0026lt;span\u0026gt;\u0026lt;a href=\\\u0026quot;\\\/fr\\\/product\\\/2105\\\/la_colline_theatre_national\\\/aux_singuliers_2\\\u0026quot;\u0026gt;20:00\u0026lt;\\\/a\u0026gt; \u0026lt;\\\/span\u0026gt;\u0026quot;},{\u0026quot;date\u0026quot;:\u0026quot;2026-06-02\u0026quot;,\u0026quot;title\u0026quot;:\u0026quot;Aux Singuliers 2\u0026quot;,\u0026quot;id\u0026quot;:\u0026quot;2069\u0026quot;,\u0026quot;time\u0026quot;:\u0026quot;Mardi 2 Juin 2026 - 20:00\u0026quot;,\u0026quot;time_short\u0026quot;:\u0026quot;20:00\u0026quot;,\u0026quot;url\u0026quot;:\u0026quot;\\\/fr\\\/product\\\/2108\\\/la_colline_theatre_national\\\/aux_singuliers_2\u0026quot;,\u0026quot;is_sale\u0026quot;:true,\u0026quot;classname\u0026quot;:\u0026quot;sale\u0026quot;,\u0026quot;infos\u0026quot;:\u0026quot;\u0026quot;,\u0026quot;detail_meeting\u0026quot;:\u0026quot;\u0026lt;span\u0026gt;\u0026lt;a href=\\\u0026quot;\\\/fr\\\/product\\\/2108\\\/la_colline_theatre_national\\\/aux_singuliers_2\\\u0026quot;\u0026gt;20:00\u0026lt;\\\/a\u0026gt; \u0026lt;\\\/span\u0026gt;\u0026quot;},{\u0026quot;date\u0026quot;:\u0026quot;2026-06-03\u0026quot;,\u0026quot;title\u0026quot;:\u0026quot;Aux Singuliers 2\u0026quot;,\u0026quot;id\u0026quot;:\u0026quot;2072\u0026quot;,\u0026quot;time\u0026quot;:\u0026quot;Mercredi 3 Juin 2026 - 20:00\u0026quot;,\u0026quot;time_short\u0026quot;:\u0026quot;20:00\u0026quot;,\u0026quot;url\u0026quot;:\u0026quot;\\\/fr\\\/product\\\/2111\\\/la_colline_theatre_national\\\/aux_singuliers_2\u0026quot;,\u0026quot;is_sale\u0026quot;:true,\u0026quot;classname\u0026quot;:\u0026quot;sale\u0026quot;,\u0026quot;infos\u0026quot;:\u0026quot;\u0026quot;,\u0026quot;detail_meeting\u0026quot;:\u0026quot;\u0026lt;span\u0026gt;\u0026lt;a href=\\\u0026quot;\\\/fr\\\/product\\\/2111\\\/la_colline_theatre_national\\\/aux_singuliers_2\\\u0026quot;\u0026gt;20:00\u0026lt;\\\/a\u0026gt; \u0026lt;\\\/span\u0026gt;\u0026quot;},{\u0026quot;date\u0026quot;:\u0026quot;2026-06-04\u0026quot;,\u0026quot;title\u0026quot;:\u0026quot;Aux Singuliers 2\u0026quot;,\u0026quot;id\u0026quot;:\u0026quot;2075\u0026quot;,\u0026quot;time\u0026quot;:\u0026quot;Jeudi 4 Juin 2026 - 20:00\u0026quot;,\u0026quot;time_short\u0026quot;:\u0026quot;20:00\u0026quot;,\u0026quot;url\u0026quot;:\u0026quot;\\\/fr\\\/product\\\/2114\\\/la_colline_theatre_national\\\/aux_singuliers_2\u0026quot;,\u0026quot;is_sale\u0026quot;:true,\u0026quot;classname\u0026quot;:\u0026quot;sale\u0026quot;,\u0026quot;infos\u0026quot;:\u0026quot;\u0026quot;,\u0026quot;detail_meeting\u0026quot;:\u0026quot;\u0026lt;span\u0026gt;\u0026lt;a href=\\\u0026quot;\\\/fr\\\/product\\\/2114\\\/la_colline_theatre_national\\\/aux_singuliers_2\\\u0026quot;\u0026gt;20:00\u0026lt;\\\/a\u0026gt; \u0026lt;\\\/span\u0026gt;\u0026quot;},{\u0026quot;date\u0026quot;:\u0026quot;2026-06-05\u0026quot;,\u0026quot;title\u0026quot;:\u0026quot;Aux Singuliers 2\u0026quot;,\u0026quot;id\u0026quot;:\u0026quot;2078\u0026quot;,\u0026quot;time\u0026quot;:\u0026quot;Vendredi 5 Juin 2026 - 20:00\u0026quot;,\u0026quot;time_short\u0026quot;:\u0026quot;20:00\u0026quot;,\u0026quot;url\u0026quot;:\u0026quot;\\\/fr\\\/product\\\/2117\\\/la_colline_theatre_national\\\/aux_singuliers_2\u0026quot;,\u0026quot;is_sale\u0026quot;:true,\u0026quot;classname\u0026quot;:\u0026quot;sale\u0026quot;,\u0026quot;infos\u0026quot;:\u0026quot;\u0026quot;,\u0026quot;detail_meeting\u0026quot;:\u0026quot;\u0026lt;span\u0026gt;\u0026lt;a href=\\\u0026quot;\\\/fr\\\/product\\\/2117\\\/la_colline_theatre_national\\\/aux_singuliers_2\\\u0026quot;\u0026gt;20:00\u0026lt;\\\/a\u0026gt; \u0026lt;\\\/span\u0026gt;\u0026quot;},{\u0026quot;date\u0026quot;:\u0026quot;2026-06-06\u0026quot;,\u0026quot;title\u0026quot;:\u0026quot;Aux Singuliers 2\u0026quot;,\u0026quot;id\u0026quot;:\u0026quot;2081\u0026quot;,\u0026quot;time\u0026quot;:\u0026quot;Samedi 6 Juin 2026 - 20:00\u0026quot;,\u0026quot;time_short\u0026quot;:\u0026quot;20:00\u0026quot;,\u0026quot;url\u0026quot;:\u0026quot;\\\/fr\\\/product\\\/2120\\\/la_colline_theatre_national\\\/aux_singuliers_2\u0026quot;,\u0026quot;is_sale\u0026quot;:true,\u0026quot;classname\u0026quot;:\u0026quot;sale\u0026quot;,\u0026quot;infos\u0026quot;:\u0026quot;\u0026quot;,\u0026quot;detail_meeting\u0026quot;:\u0026quot;\u0026lt;span\u0026gt;\u0026lt;a href=\\\u0026quot;\\\/fr\\\/product\\\/2120\\\/la_colline_theatre_national\\\/aux_singuliers_2\\\u0026quot;\u0026gt;20:00\u0026lt;\\\/a\u0026gt; \u0026lt;\\\/span\u0026gt;\u0026quot;},{\u0026quot;date\u0026quot;:\u0026quot;2026-06-09\u0026quot;,\u0026quot;title\u0026quot;:\u0026quot;Aux Singuliers 2\u0026quot;,\u0026quot;id\u0026quot;:\u0026quot;2084\u0026quot;,\u0026quot;time\u0026quot;:\u0026quot;Mardi 9 Juin 2026 - 20:00\u0026quot;,\u0026quot;time_short\u0026quot;:\u0026quot;20:00\u0026quot;,\u0026quot;url\u0026quot;:\u0026quot;\\\/fr\\\/product\\\/2123\\\/la_colline_theatre_national\\\/aux_singuliers_2\u0026quot;,\u0026quot;is_sale\u0026quot;:true,\u0026quot;classname\u0026quot;:\u0026quot;sale\u0026quot;,\u0026quot;infos\u0026quot;:\u0026quot;\u0026quot;,\u0026quot;detail_meeting\u0026quot;:\u0026quot;\u0026lt;span\u0026gt;\u0026lt;a href=\\\u0026quot;\\\/fr\\\/product\\\/2123\\\/la_colline_theatre_national\\\/aux_singuliers_2\\\u0026quot;\u0026gt;20:00\u0026lt;\\\/a\u0026gt; \u0026lt;\\\/span\u0026gt;\u0026quot;},{\u0026quot;date\u0026quot;:\u0026quot;2026-06-10\u0026quot;,\u0026quot;title\u0026quot;:\u0026quot;Aux Singuliers 2\u0026quot;,\u0026quot;id\u0026quot;:\u0026quot;2087\u0026quot;,\u0026quot;time\u0026quot;:\u0026quot;Mercredi 10 Juin 2026 - 20:00\u0026quot;,\u0026quot;time_short\u0026quot;:\u0026quot;20:00\u0026quot;,\u0026quot;url\u0026quot;:\u0026quot;\\\/fr\\\/product\\\/2126\\\/la_colline_theatre_national\\\/aux_singuliers_2\u0026quot;,\u0026quot;is_sale\u0026quot;:true,\u0026quot;classname\u0026quot;:\u0026quot;sale\u0026quot;,\u0026quot;infos\u0026quot;:\u0026quot;\u0026quot;,\u0026quot;detail_meeting\u0026quot;:\u0026quot;\u0026lt;span\u0026gt;\u0026lt;a href=\\\u0026quot;\\\/fr\\\/product\\\/2126\\\/la_colline_theatre_national\\\/aux_singuliers_2\\\u0026quot;\u0026gt;20:00\u0026lt;\\\/a\u0026gt; \u0026lt;\\\/span\u0026gt;\u0026quot;},{\u0026quot;date\u0026quot;:\u0026quot;2026-06-11\u0026quot;,\u0026quot;title\u0026quot;:\u0026quot;Aux Singuliers 2\u0026quot;,\u0026quot;id\u0026quot;:\u0026quot;2090\u0026quot;,\u0026quot;time\u0026quot;:\u0026quot;Jeudi 11 Juin 2026 - 20:00\u0026quot;,\u0026quot;time_short\u0026quot;:\u0026quot;20:00\u0026quot;,\u0026quot;url\u0026quot;:\u0026quot;\\\/fr\\\/product\\\/2129\\\/la_colline_theatre_national\\\/aux_singuliers_2\u0026quot;,\u0026quot;is_sale\u0026quot;:true,\u0026quot;classname\u0026quot;:\u0026quot;sale\u0026quot;,\u0026quot;infos\u0026quot;:\u0026quot;\u0026quot;,\u0026quot;detail_meeting\u0026quot;:\u0026quot;\u0026lt;span\u0026gt;\u0026lt;a href=\\\u0026quot;\\\/fr\\\/product\\\/2129\\\/la_colline_theatre_national\\\/aux_singuliers_2\\\u0026quot;\u0026gt;20:00\u0026lt;\\\/a\u0026gt; \u0026lt;\\\/span\u0026gt;\u0026quot;},{\u0026quot;date\u0026quot;:\u0026quot;2026-06-12\u0026quot;,\u0026quot;title\u0026quot;:\u0026quot;Aux Singuliers 2\u0026quot;,\u0026quot;id\u0026quot;:\u0026quot;2093\u0026quot;,\u0026quot;time\u0026quot;:\u0026quot;Vendredi 12 Juin 2026 - 20:00\u0026quot;,\u0026quot;time_short\u0026quot;:\u0026quot;20:00\u0026quot;,\u0026quot;url\u0026quot;:\u0026quot;\\\/fr\\\/product\\\/2132\\\/la_colline_theatre_national\\\/aux_singuliers_2\u0026quot;,\u0026quot;is_sale\u0026quot;:true,\u0026quot;classname\u0026quot;:\u0026quot;sale\u0026quot;,\u0026quot;infos\u0026quot;:\u0026quot;\u0026quot;,\u0026quot;detail_meeting\u0026quot;:\u0026quot;\u0026lt;span\u0026gt;\u0026lt;a href=\\\u0026quot;\\\/fr\\\/product\\\/2132\\\/la_colline_theatre_national\\\/aux_singuliers_2\\\u0026quot;\u0026gt;20:00\u0026lt;\\\/a\u0026gt; \u0026lt;\\\/span\u0026gt;\u0026quot;},{\u0026quot;date\u0026quot;:\u0026quot;2026-06-13\u0026quot;,\u0026quot;title\u0026quot;:\u0026quot;Aux Singuliers 2\u0026quot;,\u0026quot;id\u0026quot;:\u0026quot;2096\u0026quot;,\u0026quot;time\u0026quot;:\u0026quot;Samedi 13 Juin 2026 - 20:00\u0026quot;,\u0026quot;time_short\u0026quot;:\u0026quot;20:00\u0026quot;,\u0026quot;url\u0026quot;:\u0026quot;\\\/fr\\\/product\\\/2135\\\/la_colline_theatre_national\\\/aux_singuliers_2\u0026quot;,\u0026quot;is_sale\u0026quot;:true,\u0026quot;classname\u0026quot;:\u0026quot;sale\u0026quot;,\u0026quot;infos\u0026quot;:\u0026quot;\u0026quot;,\u0026quot;detail_meeting\u0026quot;:\u0026quot;\u0026lt;span\u0026gt;\u0026lt;a href=\\\u0026quot;\\\/fr\\\/product\\\/2135\\\/la_colline_theatre_national\\\/aux_singuliers_2\\\u0026quot;\u0026gt;20:00\u0026lt;\\\/a\u0026gt; \u0026lt;\\\/span\u0026gt;\u0026quot;}],\u0026quot;year\u0026quot;:\u0026quot;2026\u0026quot;,\u0026quot;month\u0026quot;:\u0026quot;05\u0026quot;,\u0026quot;max_year\u0026quot;:\u0026quot;2026\u0026quot;,\u0026quot;max_month\u0026quot;:\u0026quot;06\u0026quot;,\u0026quot;language\u0026quot;:\u0026quot;fr\u0026quot;,\u0026quot;eventClickFunction\u0026quot;:\u0026quot;Drupal.behaviors.hubberManifestation.meetingSelectEvent\u0026quot;}\u0022 \/\u003E\n\u003Cdiv data-drupal-selector=\u0022edit-meeting-calendar-calendar-render\u0022 class=\u0022js-calendar hubber-calendar\u0022\u003E\u003C\/div\u003E\n\n                          \u003C\/div\u003E\n\u003Cinput autocomplete=\u0022off\u0022 data-drupal-selector=\u0022form-4v2l6mqtlywigba1oxhbncypgubzp6b-c-klzlzl6kg\u0022 type=\u0022hidden\u0022 name=\u0022form_build_id\u0022 value=\u0022form-4v2L6mqtlYWigbA1OxhBNcYPGuBzp6B_C-KlzlZL6kg\u0022 class=\u0022form-control\u0022 \/\u003E\n\u003Cinput data-drupal-selector=\u0022edit-hubber-select-meeting-form\u0022 type=\u0022hidden\u0022 name=\u0022form_id\u0022 value=\u0022hubber_select_meeting_form\u0022 class=\u0022form-control\u0022 \/\u003E\n\n\u003C\/form\u003E\n","dialogOptions":{"classes":{"ui-dialog":"popup-dialog-class bottom-anim-init modal-select-meeting"},"modal":true,"title":"Choisir une autre date"}}]